{"id":19124,"date":"2025-04-08T16:00:49","date_gmt":"2025-04-08T14:00:49","guid":{"rendered":"https:\/\/www.cellercapcanes.com\/2025\/04\/08\/nuevos-vinos-de-verano\/"},"modified":"2025-04-09T10:44:36","modified_gmt":"2025-04-09T08:44:36","slug":"nuevos-vinos-de-verano","status":"publish","type":"post","link":"https:\/\/www.cellercapcanes.com\/es\/2025\/04\/08\/nuevos-vinos-de-verano\/","title":{"rendered":"Nuevos vinos de verano!"},"content":{"rendered":"<p class=\"\" data-start=\"95\" data-end=\"224\"><strong data-start=\"95\" data-end=\"224\">Celler de Cap\u00e7anes presenta sus nuevos vinos de verano: La Flor de Maig Blanc d&#8217;Estiu 5.5 y La Flor de Maig Rosat d&#8217;Estiu 5.5<\/strong><\/p>\n<p class=\"\" data-start=\"226\" data-end=\"623\">Cap\u00e7anes, abril de 2025 \u2013 Celler de Cap\u00e7anes ampl\u00eda su gama de vinos con una nueva l\u00ednea de vinos bajos en alcohol, incorporando dos nuevas referencias ideales para el verano: <strong data-start=\"402\" data-end=\"439\">La Flor de Maig Blanc d&#8217;Estiu 5.5<\/strong> y <strong data-start=\"442\" data-end=\"479\">La Flor de Maig Rosat d&#8217;Estiu 5.5<\/strong>. Estos vinos, con solo un 5,5% de alcohol, ofrecen una experiencia refrescante y ligera, perfecta para disfrutar durante los meses m\u00e1s c\u00e1lidos.<\/p>\n<p data-start=\"226\" data-end=\"623\">\n<p class=\"\" data-start=\"625\" data-end=\"948\"><strong data-start=\"625\" data-end=\"662\">L<img decoding=\"async\" class=\"wp-image-19002 alignleft\" src=\"https:\/\/www.cellercapcanes.com\/wp-content\/uploads\/2025\/03\/BlancALaFresca_Estiu5.5_Diagonal-1024x683.jpg\" alt=\"\" width=\"272\" height=\"181\" srcset=\"https:\/\/www.cellercapcanes.com\/wp-content\/uploads\/2025\/03\/BlancALaFresca_Estiu5.5_Diagonal-1024x683.jpg 1024w, https:\/\/www.cellercapcanes.com\/wp-content\/uploads\/2025\/03\/BlancALaFresca_Estiu5.5_Diagonal-300x200.jpg 300w, https:\/\/www.cellercapcanes.com\/wp-content\/uploads\/2025\/03\/BlancALaFresca_Estiu5.5_Diagonal-768x512.jpg 768w, https:\/\/www.cellercapcanes.com\/wp-content\/uploads\/2025\/03\/BlancALaFresca_Estiu5.5_Diagonal-1536x1024.jpg 1536w, https:\/\/www.cellercapcanes.com\/wp-content\/uploads\/2025\/03\/BlancALaFresca_Estiu5.5_Diagonal-2048x1365.jpg 2048w, https:\/\/www.cellercapcanes.com\/wp-content\/uploads\/2025\/03\/BlancALaFresca_Estiu5.5_Diagonal-450x300.jpg 450w\" sizes=\"(max-width: 272px) 100vw, 272px\" \/>a Flor de Maig Blanc d&#8217;Estiu 5.5<\/strong> es un vino blanco que destaca por su frescura y vivacidad. Con un perfil arom\u00e1tico que resalta las notas florales y de fruta fresca, es ideal para acompa\u00f1ar aperitivos ligeros, ensaladas y platos de pescado, pero tambi\u00e9n cualquier momento de charla con amigos o para combatir el calor.<\/p>\n<p class=\"\" data-start=\"950\" data-end=\"1448\"><strong data-start=\"950\" data-end=\"987\"><img decoding=\"async\" class=\"wp-image-19005 alignleft\" src=\"https:\/\/www.cellercapcanes.com\/wp-content\/uploads\/2025\/03\/RosatALaFresca_Estiu5.5_Diagonal-1024x683.jpg\" alt=\"\" width=\"272\" height=\"181\" srcset=\"https:\/\/www.cellercapcanes.com\/wp-content\/uploads\/2025\/03\/RosatALaFresca_Estiu5.5_Diagonal-1024x683.jpg 1024w, https:\/\/www.cellercapcanes.com\/wp-content\/uploads\/2025\/03\/RosatALaFresca_Estiu5.5_Diagonal-300x200.jpg 300w, https:\/\/www.cellercapcanes.com\/wp-content\/uploads\/2025\/03\/RosatALaFresca_Estiu5.5_Diagonal-768x512.jpg 768w, https:\/\/www.cellercapcanes.com\/wp-content\/uploads\/2025\/03\/RosatALaFresca_Estiu5.5_Diagonal-1536x1024.jpg 1536w, https:\/\/www.cellercapcanes.com\/wp-content\/uploads\/2025\/03\/RosatALaFresca_Estiu5.5_Diagonal-2048x1365.jpg 2048w, https:\/\/www.cellercapcanes.com\/wp-content\/uploads\/2025\/03\/RosatALaFresca_Estiu5.5_Diagonal-450x300.jpg 450w\" sizes=\"(max-width: 272px) 100vw, 272px\" \/>La Flor de Maig Rosat d&#8217;Estiu 5.5<\/strong> presenta un atractivo color rosa p\u00e1lido con una burbuja fina y bien integrada. En nariz, despliega intensas notas de fruta roja como fresas y frambuesas, acompa\u00f1adas de toques c\u00edtricos y florales. En boca, su delicada dulzura se combina con una acidez refrescante, ofreciendo un final dulce y muy fresco. Este rosado es perfecto para consumir muy fr\u00edo (6-10\u202f\u00b0C) en cualquier ocasi\u00f3n, ya sea como aperitivo o simplemente disfrutando de un momento \u201cA la fresca\u201d.<\/p>\n<p class=\"\" data-start=\"1450\" data-end=\"1689\">Con estas nuevas propuestas, Celler de Cap\u00e7anes reafirma su compromiso con la innovaci\u00f3n y la adaptaci\u00f3n a las preferencias de los consumidores, ofreciendo vinos de calidad que se ajustan a diferentes estilos de vida y momentos de consumo.<\/p>\n<blockquote class=\"wp-embedded-content\" data-secret=\"rEYoaqE9xH\"><p><a href=\"https:\/\/www.cellercapcanes.com\/es\/vino\/la-flor-de-maig-blanco-de-verano-5-5\/\">La Flor de Maig &#8211; Blanc d&#8217;estiu 5.5<\/a><\/p><\/blockquote>\n<p><iframe class=\"wp-embedded-content\" sandbox=\"allow-scripts\" security=\"restricted\" style=\"position: absolute; visibility: hidden;\" title=\"\u00abLa Flor de Maig &#8211; Blanc d&#8217;estiu 5.5\u00bb \u2014 Celler de Cap\u00e7anes\" src=\"https:\/\/www.cellercapcanes.com\/es\/vino\/la-flor-de-maig-blanco-de-verano-5-5\/embed\/#?secret=9HRVPgUjHo#?secret=rEYoaqE9xH\" data-secret=\"rEYoaqE9xH\" width=\"600\" height=\"338\" frameborder=\"0\" marginwidth=\"0\" marginheight=\"0\" scrolling=\"no\"><\/iframe><\/p>\n<blockquote class=\"wp-embedded-content\" data-secret=\"eGraqwD6Wq\"><p><a href=\"https:\/\/www.cellercapcanes.com\/es\/vino\/la-flor-de-maig-rosado-de-verano-5-5\/\">La Flor de Maig &#8211; Rosat d&#8217;estiu 5.5<\/a><\/p><\/blockquote>\n<p><iframe class=\"wp-embedded-content\" sandbox=\"allow-scripts\" security=\"restricted\" style=\"position: absolute; visibility: hidden;\" title=\"\u00abLa Flor de Maig &#8211; Rosat d&#8217;estiu 5.5\u00bb \u2014 Celler de Cap\u00e7anes\" src=\"https:\/\/www.cellercapcanes.com\/es\/vino\/la-flor-de-maig-rosado-de-verano-5-5\/embed\/#?secret=4QYAuqFvIO#?secret=eGraqwD6Wq\" data-secret=\"eGraqwD6Wq\" width=\"600\" height=\"338\" frameborder=\"0\" marginwidth=\"0\" marginheight=\"0\" scrolling=\"no\"><\/iframe><\/p>\n","protected":false},"excerpt":{"rendered":"<p>Celler de Cap\u00e7anes presenta sus nuevos vinos de verano: La Flor de Maig Blanc d&#8217;Estiu 5.5 y La Flor de Maig Rosat d&#8217;Estiu 5.5 Cap\u00e7anes, abril de 2025 \u2013 Celler de Cap\u00e7anes ampl\u00eda su gama de vinos con una nueva l\u00ednea de vinos bajos en alcohol, incorporando dos nuevas referencias ideales para el verano: La &#8230; <a title=\"Nuevos vinos de verano!\" class=\"read-more\" href=\"https:\/\/www.cellercapcanes.com\/es\/2025\/04\/08\/nuevos-vinos-de-verano\/\" aria-label=\"Leer m\u00e1s sobre Nuevos vinos de verano!\">Leer m\u00e1s<\/a><\/p>\n","protected":false},"author":3,"featured_media":0,"comment_status":"closed","ping_status":"open","sticky":false,"template":"","format":"standard","meta":{"footnotes":""},"categories":[3],"tags":[],"class_list":["post-19124","post","type-post","status-publish","format-standard","hentry","category-sin-categorizar"],"_links":{"self":[{"href":"https:\/\/www.cellercapcanes.com\/es\/wp-json\/wp\/v2\/posts\/19124","targetHints":{"allow":["GET"]}}],"collection":[{"href":"https:\/\/www.cellercapcanes.com\/es\/wp-json\/wp\/v2\/posts"}],"about":[{"href":"https:\/\/www.cellercapcanes.com\/es\/wp-json\/wp\/v2\/types\/post"}],"author":[{"embeddable":true,"href":"https:\/\/www.cellercapcanes.com\/es\/wp-json\/wp\/v2\/users\/3"}],"replies":[{"embeddable":true,"href":"https:\/\/www.cellercapcanes.com\/es\/wp-json\/wp\/v2\/comments?post=19124"}],"version-history":[{"count":7,"href":"https:\/\/www.cellercapcanes.com\/es\/wp-json\/wp\/v2\/posts\/19124\/revisions"}],"predecessor-version":[{"id":19147,"href":"https:\/\/www.cellercapcanes.com\/es\/wp-json\/wp\/v2\/posts\/19124\/revisions\/19147"}],"wp:attachment":[{"href":"https:\/\/www.cellercapcanes.com\/es\/wp-json\/wp\/v2\/media?parent=19124"}],"wp:term":[{"taxonomy":"category","embeddable":true,"href":"https:\/\/www.cellercapcanes.com\/es\/wp-json\/wp\/v2\/categories?post=19124"},{"taxonomy":"post_tag","embeddable":true,"href":"https:\/\/www.cellercapcanes.com\/es\/wp-json\/wp\/v2\/tags?post=19124"}],"curies":[{"name":"wp","href":"https:\/\/api.w.org\/{rel}","templated":true}]}}