{"id":16187,"date":"2023-05-23T16:22:57","date_gmt":"2023-05-23T14:22:57","guid":{"rendered":"https:\/\/www.cellercapcanes.com\/2023\/05\/23\/el-celler-de-capcanes-celebra-90-anos-de-historia\/"},"modified":"2023-05-23T16:25:29","modified_gmt":"2023-05-23T14:25:29","slug":"el-celler-de-capcanes-celebra-90-anos-de-historia","status":"publish","type":"post","link":"https:\/\/www.cellercapcanes.com\/es\/2023\/05\/23\/el-celler-de-capcanes-celebra-90-anos-de-historia\/","title":{"rendered":"\u00a1El Celler de Cap\u00e7anes celebra 90 a\u00f1os de historia!"},"content":{"rendered":"<p>La Bodega de Cap\u00e7anes (Celler de Cap\u00e7anes), fundada en 1933, celebra este a\u00f1o su noventa aniversario, y lo celebra invitando a sus socios y viticultores a una comida de hermandad en Mas Gallau, en Cambrils.<\/p>\n<p>El presidente Llu\u00eds Molina, dirige unas palabras a todos los invitados:<\/p>\n<p>\u00abTengo el honor de poder dirigirme a vosotros para hacer un breve repaso de los 90 a\u00f1os de vida de la Bodega de Cap\u00e7anes.<\/p>\n<p>Hoy celebramos 90 a\u00f1os de la fundaci\u00f3n de la bodega, un d\u00eda de 1933 se inici\u00f3 una trayectoria que, seguramente, nadie pens\u00f3 que podr\u00eda durar hasta nuestros tiempos. Nos sentimos muy orgullosos de poder forma parte de esta entidad, al tiempo que recordamos a todas las personas que nos precedieron y que con su esfuerzo y su trabajo nos han llevado hasta donde estamos ahora.<\/p>\n<p>Durante este largo camino nos encontramos con una guerra civil, una posguerra, crisis econ\u00f3micas, una pandemia y un sinf\u00edn de dificultades que se han podido superar gracias a estar todos unidos y remar siempre hacia la misma direcci\u00f3n.<\/p>\n<p>Estos 90 a\u00f1os han demostrado que no hay caminos f\u00e1ciles pero, sin embargo, hemos consolidado el objetivo de elaborar vinos excelentes, tener una plantilla humana muy capacitada y unas instalaciones de primer orden que nos permite exportar nuestros vinos en medio mundo.<\/p>\n<p>Quiero expresar mis felicitaciones m\u00e1s sentidas en primer lugar a:<\/p>\n<p>Todos los socios que con su trabajo diario consiguieron y logran un excelente producto.<\/p>\n<p>Al Consejo Rector que siempre ha apoyado las decisiones que hemos tenido que tomar.<\/p>\n<p>A la Gerencia; Joan Sabat\u00e9 ha demostrado que es compatible ser un excelente profesional y a la vez una buena persona.<\/p>\n<p>A la direcci\u00f3n de producci\u00f3n, que ha dado un impulso a nuestros vinos y que ha sido recompensada con innumerables premios.<\/p>\n<p>A todo el personal que con su esfuerzo diario nos permite alcanzar las metas trazadas.<\/p>\n<p>A nuestro auditor, Jordi Llevat, que lleva muchos a\u00f1os apoy\u00e1ndonos con su trabajo.<\/p>\n<p>A la Presidenta de la DO Montsant, Pilar Just, siempre buscando caminos para potenciar nuestros vinos.<\/p>\n<p>Al alcalde de Cap\u00e7anes, Luis del Arca que siempre nos ha apoyado.<\/p>\n<p>No hay tiempos mejores ni peores, simplemente diferentes. Como dec\u00eda Mario Benedetti \u00abPorque cada d\u00eda es un comienzo nuevo, porque \u00e9sta es la hora y \u00e9ste es el mejor momento\u00bb.<\/p>\n<p>S\u00f3lo consiguen los sue\u00f1os quienes consideran que los sue\u00f1os siempre superan todas las circunstancias.<\/p>\n<p>Hoy celebramos los 90 a\u00f1os de Celler y visualizamos los \u00e9xitos pasados, pensamos con las nuevas metas futuras y mantenemos el compromiso de seguir luchando para que cada d\u00eda sea mejor que el anterior.<\/p>\n<p>Creemos realmente que lo mejor est\u00e1 por llegar y somos conscientes de que buena parte depende de todos nosotros y tenemos que seguir cumpliendo con el compromiso adquirido a trav\u00e9s de los a\u00f1os.<\/p>\n<p>Ahora levantamos nuestras copas recordando todo lo que ha pasado y so\u00f1ando con todo lo que vendr\u00e1.<\/p>\n<p>Siempre esperamos lo mejor pero siempre estamos preparados para lo peor.<\/p>\n<p>Felicidades a todo el mundo\u00bb<\/p>\n<p>Puedes descargar y ver el v\u00eddeo del discurso en el siguiente enlace: \u00a0<strong><a href=\"https:\/\/www.cellercapcanes.com\/wp-content\/uploads\/2023\/05\/4_60055620173378388921.mov\">4_6005562017337838892[1]<\/a><\/strong><\/p>\n","protected":false},"excerpt":{"rendered":"<p>La Bodega de Cap\u00e7anes (Celler de Cap\u00e7anes), fundada en 1933, celebra este a\u00f1o su noventa aniversario, y lo celebra invitando a sus socios y viticultores a una comida de hermandad en Mas Gallau, en Cambrils. El presidente Llu\u00eds Molina, dirige unas palabras a todos los invitados: \u00abTengo el honor de poder dirigirme a vosotros para &#8230; <a title=\"\u00a1El Celler de Cap\u00e7anes celebra 90 a\u00f1os de historia!\" class=\"read-more\" href=\"https:\/\/www.cellercapcanes.com\/es\/2023\/05\/23\/el-celler-de-capcanes-celebra-90-anos-de-historia\/\" aria-label=\"Leer m\u00e1s sobre \u00a1El Celler de Cap\u00e7anes celebra 90 a\u00f1os de historia!\">Leer m\u00e1s<\/a><\/p>\n","protected":false},"author":3,"featured_media":16184,"comment_status":"closed","ping_status":"open","sticky":false,"template":"","format":"standard","meta":{"footnotes":""},"categories":[3],"tags":[532,537,536,125,533,534,535,123],"class_list":["post-16187","post","type-post","status-publish","format-standard","has-post-thumbnail","hentry","category-sin-categorizar","tag-90-anos-del-celler-de-capcanes","tag-aniversario","tag-bodega","tag-joan-maria-sabate-es","tag-lluis-molina-es","tag-presidencia-es","tag-pueblo","tag-vinos"],"_links":{"self":[{"href":"https:\/\/www.cellercapcanes.com\/es\/wp-json\/wp\/v2\/posts\/16187","targetHints":{"allow":["GET"]}}],"collection":[{"href":"https:\/\/www.cellercapcanes.com\/es\/wp-json\/wp\/v2\/posts"}],"about":[{"href":"https:\/\/www.cellercapcanes.com\/es\/wp-json\/wp\/v2\/types\/post"}],"author":[{"embeddable":true,"href":"https:\/\/www.cellercapcanes.com\/es\/wp-json\/wp\/v2\/users\/3"}],"replies":[{"embeddable":true,"href":"https:\/\/www.cellercapcanes.com\/es\/wp-json\/wp\/v2\/comments?post=16187"}],"version-history":[{"count":0,"href":"https:\/\/www.cellercapcanes.com\/es\/wp-json\/wp\/v2\/posts\/16187\/revisions"}],"wp:featuredmedia":[{"embeddable":true,"href":"https:\/\/www.cellercapcanes.com\/es\/wp-json\/wp\/v2\/media\/16184"}],"wp:attachment":[{"href":"https:\/\/www.cellercapcanes.com\/es\/wp-json\/wp\/v2\/media?parent=16187"}],"wp:term":[{"taxonomy":"category","embeddable":true,"href":"https:\/\/www.cellercapcanes.com\/es\/wp-json\/wp\/v2\/categories?post=16187"},{"taxonomy":"post_tag","embeddable":true,"href":"https:\/\/www.cellercapcanes.com\/es\/wp-json\/wp\/v2\/tags?post=16187"}],"curies":[{"name":"wp","href":"https:\/\/api.w.org\/{rel}","templated":true}]}}