{"id":15388,"date":"2022-08-24T10:28:55","date_gmt":"2022-08-24T08:28:55","guid":{"rendered":"https:\/\/www.cellercapcanes.com\/2022\/08\/24\/entrevista-de-vanessa-diaz-al-diari-de-tarragona\/"},"modified":"2022-08-24T10:28:55","modified_gmt":"2022-08-24T08:28:55","slug":"entrevista-de-vanessa-diaz-al-diari-de-tarragona","status":"publish","type":"post","link":"https:\/\/www.cellercapcanes.com\/es\/2022\/08\/24\/entrevista-de-vanessa-diaz-al-diari-de-tarragona\/","title":{"rendered":"Entrevista de Vanessa D\u00edaz al Diari de Tarragona"},"content":{"rendered":"<p>La Delegada Comercial de la Bodega de Cap\u00e7anes, Vanessa D\u00edaz, nos cuenta su particular historia de amor con el mundo del vino, la escalada y sus inicios en la comarca del Priorat, donde se ha construido su propio camino, que la ha llevado hasta el \u00abCeller de Cap\u00e7anes\u00bb.<\/p>\n<p>Vanessa representa comercialmente El Celler de Cap\u00e7anes a nivel nacional y trabaja para introducir la marca Cap\u00e7anes y los vinos de la DO Montsant en todo el territorio Catal\u00e1n y Espa\u00f1ol. Tiene experiencia y formaci\u00f3n en pr\u00e1cticamente todas las \u00e1reas del d\u00eda a d\u00eda de una bodega, desde la basante m\u00e1s t\u00e9cnica y de producci\u00f3n, pasando por la administrativa y hasta la comercial, por eso su visi\u00f3n profesional suele ser siempre muy acertada y global.<\/p>\n<p>Somos muchos los que conocemos bien y apreciamos de todo coraz\u00f3n a Vanessa, que tiene un carisma y encanto especiales. Para quienes a\u00fan no la conozcan, aqu\u00ed tienen la oportunidad de conocer brevemente su historia.<\/p>\n<p>Consulta el articulo entero en la fuente: <a href=\"https:\/\/www.diaridetarragona.com\/reus\/me-siento-prioratina-porque-he-decidido-vivir-en-el-territorio-AC12015270\" target=\"_blank\" rel=\"noopener\">Diari de Tarragona\u00a0<\/a><\/p>\n","protected":false},"excerpt":{"rendered":"<p>La Delegada Comercial de la Bodega de Cap\u00e7anes, Vanessa D\u00edaz, nos cuenta su particular historia de amor con el mundo del vino, la escalada y sus inicios en la comarca del Priorat, donde se ha construido su propio camino, que la ha llevado hasta el \u00abCeller de Cap\u00e7anes\u00bb. Vanessa representa comercialmente El Celler de Cap\u00e7anes &#8230; <a title=\"Entrevista de Vanessa D\u00edaz al Diari de Tarragona\" class=\"read-more\" href=\"https:\/\/www.cellercapcanes.com\/es\/2022\/08\/24\/entrevista-de-vanessa-diaz-al-diari-de-tarragona\/\" aria-label=\"Leer m\u00e1s sobre Entrevista de Vanessa D\u00edaz al Diari de Tarragona\">Leer m\u00e1s<\/a><\/p>\n","protected":false},"author":3,"featured_media":15380,"comment_status":"closed","ping_status":"open","sticky":false,"template":"","format":"standard","meta":{"footnotes":""},"categories":[3],"tags":[257,259,258,256],"class_list":["post-15388","post","type-post","status-publish","format-standard","has-post-thumbnail","hentry","category-sin-categorizar","tag-comercial-capcanes-es","tag-diari-de-tarragona-es","tag-sumiller","tag-vanessa-diaz-es"],"_links":{"self":[{"href":"https:\/\/www.cellercapcanes.com\/es\/wp-json\/wp\/v2\/posts\/15388","targetHints":{"allow":["GET"]}}],"collection":[{"href":"https:\/\/www.cellercapcanes.com\/es\/wp-json\/wp\/v2\/posts"}],"about":[{"href":"https:\/\/www.cellercapcanes.com\/es\/wp-json\/wp\/v2\/types\/post"}],"author":[{"embeddable":true,"href":"https:\/\/www.cellercapcanes.com\/es\/wp-json\/wp\/v2\/users\/3"}],"replies":[{"embeddable":true,"href":"https:\/\/www.cellercapcanes.com\/es\/wp-json\/wp\/v2\/comments?post=15388"}],"version-history":[{"count":0,"href":"https:\/\/www.cellercapcanes.com\/es\/wp-json\/wp\/v2\/posts\/15388\/revisions"}],"wp:featuredmedia":[{"embeddable":true,"href":"https:\/\/www.cellercapcanes.com\/es\/wp-json\/wp\/v2\/media\/15380"}],"wp:attachment":[{"href":"https:\/\/www.cellercapcanes.com\/es\/wp-json\/wp\/v2\/media?parent=15388"}],"wp:term":[{"taxonomy":"category","embeddable":true,"href":"https:\/\/www.cellercapcanes.com\/es\/wp-json\/wp\/v2\/categories?post=15388"},{"taxonomy":"post_tag","embeddable":true,"href":"https:\/\/www.cellercapcanes.com\/es\/wp-json\/wp\/v2\/tags?post=15388"}],"curies":[{"name":"wp","href":"https:\/\/api.w.org\/{rel}","templated":true}]}}